{"id":1452,"date":"2025-03-03T13:03:49","date_gmt":"2025-03-03T12:03:49","guid":{"rendered":"https:\/\/wordpress.p679375.webspaceconfig.de\/?p=1452"},"modified":"2025-04-07T14:29:38","modified_gmt":"2025-04-07T12:29:38","slug":"energieeffizienzgesetz-enefg","status":"publish","type":"post","link":"https:\/\/www.aitec-gruppe.de\/index.php\/2025\/03\/03\/energieeffizienzgesetz-enefg\/","title":{"rendered":"Energieeffizienzgesetz &#8211; EnEfG"},"content":{"rendered":"[vc_row type=&#8220;in_container&#8220; full_screen_row_position=&#8220;middle&#8220; column_margin=&#8220;default&#8220; column_direction=&#8220;default&#8220; column_direction_tablet=&#8220;default&#8220; column_direction_phone=&#8220;default&#8220; scene_position=&#8220;center&#8220; text_color=&#8220;dark&#8220; text_align=&#8220;left&#8220; row_border_radius=&#8220;none&#8220; row_border_radius_applies=&#8220;bg&#8220; overflow=&#8220;visible&#8220; overlay_strength=&#8220;0.3&#8243; gradient_direction=&#8220;left_to_right&#8220; shape_divider_position=&#8220;bottom&#8220; bg_image_animation=&#8220;none&#8220;][vc_column column_padding=&#8220;no-extra-padding&#8220; column_padding_tablet=&#8220;inherit&#8220; column_padding_phone=&#8220;inherit&#8220; column_padding_position=&#8220;all&#8220; column_element_direction_desktop=&#8220;default&#8220; column_element_spacing=&#8220;default&#8220; desktop_text_alignment=&#8220;default&#8220; tablet_text_alignment=&#8220;default&#8220; phone_text_alignment=&#8220;default&#8220; background_color_opacity=&#8220;1&#8243; background_hover_color_opacity=&#8220;1&#8243; column_backdrop_filter=&#8220;none&#8220; column_shadow=&#8220;none&#8220; column_border_radius=&#8220;none&#8220; column_link_target=&#8220;_self&#8220; column_position=&#8220;default&#8220; gradient_direction=&#8220;left_to_right&#8220; overlay_strength=&#8220;0.3&#8243; width=&#8220;1\/1&#8243; tablet_width_inherit=&#8220;default&#8220; animation_type=&#8220;default&#8220; bg_image_animation=&#8220;none&#8220; border_type=&#8220;simple&#8220; column_border_width=&#8220;none&#8220; column_border_style=&#8220;solid&#8220;][vc_column_text css=&#8220;&#8220; text_direction=&#8220;default&#8220;]<strong>Das Gesetz zur Steigerung der Energieeffizienz ist am 18.11.2023 in Kraft getreten!<\/strong><\/p>\n<h3>Handeln Sie jetzt!<\/h3>\n<p><strong>Fristverl\u00e4ngerung f\u00fcr erstmalige Meldung verschoben auf den 01.01.2025.\u00a0<\/strong><\/p>\n<p>Wir m\u00f6chten Sie heute \u00fcber die Einf\u00fchrung des neuen Energieeffizienz-Gesetz (EnEfG) informieren. Mit Inkrafttreten des Gesetzes am 18.11.2023 werden Beh\u00f6rden, energieintensive Unternehme und Rechenzentren verpflichtet, mehr Energie zu sparen. Dies betrifft insbesondere Unternehmen, unabh\u00e4ngig von ihrer Unternehmensgr\u00f6\u00dfe, mit einem Jahresenergiebedarf ab 2,5 Gigawattstunden (Elektroenergie, Energie zur W\u00e4rme\/-K\u00e4ltebereitstellung, Kraftstoffe). Das EnEfG sieht u.a. eine Meldepflicht f\u00fcr gewerbliche Abw\u00e4rmepotenziale vor, welche erstmalig zum 01.01.2025 und anschlie\u00dfend j\u00e4hrlich zum 31.03. erfolgen muss.<\/p>\n<p>Aufgrund des kurzen Zeitraums zwischen Ver\u00f6ffentlichung des EnEfG und der ersten Meldefrist, hat das BMWK die Meldepflicht sowie die Bu\u00dfgeldbewehrung bei Nichterf\u00fcllung f\u00fcr 6 Monate ausgesetzt.<\/p>\n<p><strong>Unter den nachfolgend aufgef\u00fchrten Links erhalten Sie genauere Informationen, welchen Aufgaben sich Ihr Unternehmen stellen muss und wie wir Sie dabei unterst\u00fctzen k\u00f6nnen.<\/strong><\/p>\n<p><a title=\"Flyer [PDF]: Unternehmen Jahresenergiebedarf \u00fcber 2,5 GWh\" href=\"https:\/\/energieeffizienz-gk.de\/mailing\/GuK_EnEFG_01_ab2.5_042024.pdf\" target=\"_blank\" rel=\"nofollow noopener noreferrer\">Unternehmen Jahresenergiebedarf \u00fcber 2,5 GWh<\/a><\/p>\n<p><a title=\"Flyer [PDF]: Unternehmen Jahresenergiebedarf \u00fcber 2,5 GWh (nicht KMU)\u00a0\" href=\"https:\/\/energieeffizienz-gk.de\/mailing\/GuK_EnEFG_02_ab2.5_nichtKMU_042024.pdf\" target=\"_blank\" rel=\"nofollow noopener noreferrer\">Unternehmen Jahresenergiebedarf \u00fcber 2,5 GWh (nicht KMU)\u00a0<\/a><\/p>\n<p><a title=\"Flyer [PDF]: Unternehmen Jahresenergiebedarf \u00fcber 7,5 GWh\" href=\"https:\/\/energieeffizienz-gk.de\/mailing\/GuK_EnEFG_01_ab7.5_final.pdf\" target=\"_blank\" rel=\"nofollow noopener noreferrer\">Unternehmen Jahresenergiebedarf \u00fcber 7,5 GWh<\/a><\/p>\n<p>Lassen Sie die Zeit nicht ungenutzt verstreichen und vereinbaren Sie ein Beratungsgespr\u00e4ch mit unseren Energieauditoren.<\/p>\n<p>Entdecken Sie die Chancen, sparen Sie Energie und Kosten \u2013 gehen Sie mit uns den Weg in eine nachhaltige Zukunft.<\/p>\n<p>Ihre Energieberater von Galek &amp; Kowald[\/vc_column_text][\/vc_column][\/vc_row]\n","protected":false},"excerpt":{"rendered":"<p>[vc_row type=&#8220;in_container&#8220; full_screen_row_position=&#8220;middle&#8220; column_margin=&#8220;default&#8220; column_direction=&#8220;default&#8220; column_direction_tablet=&#8220;default&#8220; column_direction_phone=&#8220;default&#8220; scene_position=&#8220;center&#8220; text_color=&#8220;dark&#8220; text_align=&#8220;left&#8220; row_border_radius=&#8220;none&#8220; row_border_radius_applies=&#8220;bg&#8220; overflow=&#8220;visible&#8220; overlay_strength=&#8220;0.3&#8243; gradient_direction=&#8220;left_to_right&#8220; shape_divider_position=&#8220;bottom&#8220; bg_image_animation=&#8220;none&#8220;][vc_column column_padding=&#8220;no-extra-padding&#8220; column_padding_tablet=&#8220;inherit&#8220; column_padding_phone=&#8220;inherit&#8220; column_padding_position=&#8220;all&#8220; column_element_direction_desktop=&#8220;default&#8220; column_element_spacing=&#8220;default&#8220; desktop_text_alignment=&#8220;default&#8220; tablet_text_alignment=&#8220;default&#8220; phone_text_alignment=&#8220;default&#8220; background_color_opacity=&#8220;1&#8243; background_hover_color_opacity=&#8220;1&#8243; column_backdrop_filter=&#8220;none&#8220; column_shadow=&#8220;none&#8220;&#8230;<\/p>\n","protected":false},"author":5,"featured_media":1577,"comment_status":"closed","ping_status":"closed","sticky":false,"template":"","format":"gallery","meta":{"footnotes":""},"categories":[1],"tags":[],"class_list":{"0":"post-1452","1":"post","2":"type-post","3":"status-publish","4":"format-gallery","5":"has-post-thumbnail","7":"category-allgemein","8":"post_format-post-format-gallery"},"yoast_head":"<!-- This site is optimized with the Yoast SEO plugin v27.3 - https:\/\/yoast.com\/product\/yoast-seo-wordpress\/ -->\n<title>Energieeffizienzgesetz - EnEfG - AITEC Gruppe<\/title>\n<meta name=\"robots\" content=\"index, follow, max-snippet:-1, max-image-preview:large, max-video-preview:-1\" \/>\n<link rel=\"canonical\" href=\"https:\/\/www.aitec-gruppe.de\/index.php\/2025\/03\/03\/energieeffizienzgesetz-enefg\/\" \/>\n<meta property=\"og:locale\" content=\"de_DE\" \/>\n<meta property=\"og:type\" content=\"article\" \/>\n<meta property=\"og:title\" content=\"Energieeffizienzgesetz - EnEfG - AITEC Gruppe\" \/>\n<meta property=\"og:description\" content=\"[vc_row type=&#8220;in_container&#8220; full_screen_row_position=&#8220;middle&#8220; column_margin=&#8220;default&#8220; column_direction=&#8220;default&#8220; column_direction_tablet=&#8220;default&#8220; column_direction_phone=&#8220;default&#8220; scene_position=&#8220;center&#8220; text_color=&#8220;dark&#8220; text_align=&#8220;left&#8220; row_border_radius=&#8220;none&#8220; row_border_radius_applies=&#8220;bg&#8220; overflow=&#8220;visible&#8220; overlay_strength=&#8220;0.3&#8243; gradient_direction=&#8220;left_to_right&#8220; shape_divider_position=&#8220;bottom&#8220; bg_image_animation=&#8220;none&#8220;][vc_column column_padding=&#8220;no-extra-padding&#8220; column_padding_tablet=&#8220;inherit&#8220; column_padding_phone=&#8220;inherit&#8220; column_padding_position=&#8220;all&#8220; column_element_direction_desktop=&#8220;default&#8220; column_element_spacing=&#8220;default&#8220; desktop_text_alignment=&#8220;default&#8220; tablet_text_alignment=&#8220;default&#8220; phone_text_alignment=&#8220;default&#8220; background_color_opacity=&#8220;1&#8243; background_hover_color_opacity=&#8220;1&#8243; column_backdrop_filter=&#8220;none&#8220; column_shadow=&#8220;none&#8220;...\" \/>\n<meta property=\"og:url\" content=\"https:\/\/www.aitec-gruppe.de\/index.php\/2025\/03\/03\/energieeffizienzgesetz-enefg\/\" \/>\n<meta property=\"og:site_name\" content=\"AITEC Gruppe\" \/>\n<meta property=\"article:publisher\" content=\"https:\/\/www.facebook.com\/Galek.Kowald\" \/>\n<meta property=\"article:published_time\" content=\"2025-03-03T12:03:49+00:00\" \/>\n<meta property=\"article:modified_time\" content=\"2025-04-07T12:29:38+00:00\" \/>\n<meta property=\"og:image\" content=\"https:\/\/www.aitec-gruppe.de\/wp-content\/uploads\/2025\/04\/Energie-Foerdermittelbereatung.jpg\" \/>\n\t<meta property=\"og:image:width\" content=\"1080\" \/>\n\t<meta property=\"og:image:height\" content=\"718\" \/>\n\t<meta property=\"og:image:type\" content=\"image\/jpeg\" \/>\n<meta name=\"author\" content=\"Antje Erbst\u00f6\u00dfer\" \/>\n<meta name=\"twitter:card\" content=\"summary_large_image\" \/>\n<meta name=\"twitter:label1\" content=\"Verfasst von\" \/>\n\t<meta name=\"twitter:data1\" content=\"Antje Erbst\u00f6\u00dfer\" \/>\n\t<meta name=\"twitter:label2\" content=\"Gesch\u00e4tzte Lesezeit\" \/>\n\t<meta name=\"twitter:data2\" content=\"2\u00a0Minuten\" \/>\n<script type=\"application\/ld+json\" class=\"yoast-schema-graph\">{\"@context\":\"https:\\\/\\\/schema.org\",\"@graph\":[{\"@type\":\"Article\",\"@id\":\"https:\\\/\\\/www.aitec-gruppe.de\\\/index.php\\\/2025\\\/03\\\/03\\\/energieeffizienzgesetz-enefg\\\/#article\",\"isPartOf\":{\"@id\":\"https:\\\/\\\/www.aitec-gruppe.de\\\/index.php\\\/2025\\\/03\\\/03\\\/energieeffizienzgesetz-enefg\\\/\"},\"author\":{\"name\":\"Antje Erbst\u00f6\u00dfer\",\"@id\":\"https:\\\/\\\/www.aitec-gruppe.de\\\/#\\\/schema\\\/person\\\/e0ca7f2af7ffd7b0ff76ec7c72633968\"},\"headline\":\"Energieeffizienzgesetz &#8211; EnEfG\",\"datePublished\":\"2025-03-03T12:03:49+00:00\",\"dateModified\":\"2025-04-07T12:29:38+00:00\",\"mainEntityOfPage\":{\"@id\":\"https:\\\/\\\/www.aitec-gruppe.de\\\/index.php\\\/2025\\\/03\\\/03\\\/energieeffizienzgesetz-enefg\\\/\"},\"wordCount\":380,\"publisher\":{\"@id\":\"https:\\\/\\\/www.aitec-gruppe.de\\\/#organization\"},\"image\":{\"@id\":\"https:\\\/\\\/www.aitec-gruppe.de\\\/index.php\\\/2025\\\/03\\\/03\\\/energieeffizienzgesetz-enefg\\\/#primaryimage\"},\"thumbnailUrl\":\"https:\\\/\\\/www.aitec-gruppe.de\\\/wp-content\\\/uploads\\\/2025\\\/04\\\/Energie-Foerdermittelbereatung.jpg\",\"inLanguage\":\"de\"},{\"@type\":\"WebPage\",\"@id\":\"https:\\\/\\\/www.aitec-gruppe.de\\\/index.php\\\/2025\\\/03\\\/03\\\/energieeffizienzgesetz-enefg\\\/\",\"url\":\"https:\\\/\\\/www.aitec-gruppe.de\\\/index.php\\\/2025\\\/03\\\/03\\\/energieeffizienzgesetz-enefg\\\/\",\"name\":\"Energieeffizienzgesetz - EnEfG - AITEC Gruppe\",\"isPartOf\":{\"@id\":\"https:\\\/\\\/www.aitec-gruppe.de\\\/#website\"},\"primaryImageOfPage\":{\"@id\":\"https:\\\/\\\/www.aitec-gruppe.de\\\/index.php\\\/2025\\\/03\\\/03\\\/energieeffizienzgesetz-enefg\\\/#primaryimage\"},\"image\":{\"@id\":\"https:\\\/\\\/www.aitec-gruppe.de\\\/index.php\\\/2025\\\/03\\\/03\\\/energieeffizienzgesetz-enefg\\\/#primaryimage\"},\"thumbnailUrl\":\"https:\\\/\\\/www.aitec-gruppe.de\\\/wp-content\\\/uploads\\\/2025\\\/04\\\/Energie-Foerdermittelbereatung.jpg\",\"datePublished\":\"2025-03-03T12:03:49+00:00\",\"dateModified\":\"2025-04-07T12:29:38+00:00\",\"breadcrumb\":{\"@id\":\"https:\\\/\\\/www.aitec-gruppe.de\\\/index.php\\\/2025\\\/03\\\/03\\\/energieeffizienzgesetz-enefg\\\/#breadcrumb\"},\"inLanguage\":\"de\",\"potentialAction\":[{\"@type\":\"ReadAction\",\"target\":[\"https:\\\/\\\/www.aitec-gruppe.de\\\/index.php\\\/2025\\\/03\\\/03\\\/energieeffizienzgesetz-enefg\\\/\"]}]},{\"@type\":\"ImageObject\",\"inLanguage\":\"de\",\"@id\":\"https:\\\/\\\/www.aitec-gruppe.de\\\/index.php\\\/2025\\\/03\\\/03\\\/energieeffizienzgesetz-enefg\\\/#primaryimage\",\"url\":\"https:\\\/\\\/www.aitec-gruppe.de\\\/wp-content\\\/uploads\\\/2025\\\/04\\\/Energie-Foerdermittelbereatung.jpg\",\"contentUrl\":\"https:\\\/\\\/www.aitec-gruppe.de\\\/wp-content\\\/uploads\\\/2025\\\/04\\\/Energie-Foerdermittelbereatung.jpg\",\"width\":1080,\"height\":718},{\"@type\":\"BreadcrumbList\",\"@id\":\"https:\\\/\\\/www.aitec-gruppe.de\\\/index.php\\\/2025\\\/03\\\/03\\\/energieeffizienzgesetz-enefg\\\/#breadcrumb\",\"itemListElement\":[{\"@type\":\"ListItem\",\"position\":1,\"name\":\"Startseite\",\"item\":\"https:\\\/\\\/www.aitec-gruppe.de\\\/\"},{\"@type\":\"ListItem\",\"position\":2,\"name\":\"Energieeffizienzgesetz &#8211; EnEfG\"}]},{\"@type\":\"WebSite\",\"@id\":\"https:\\\/\\\/www.aitec-gruppe.de\\\/#website\",\"url\":\"https:\\\/\\\/www.aitec-gruppe.de\\\/\",\"name\":\"AITEC Gruppe\",\"description\":\"\",\"publisher\":{\"@id\":\"https:\\\/\\\/www.aitec-gruppe.de\\\/#organization\"},\"potentialAction\":[{\"@type\":\"SearchAction\",\"target\":{\"@type\":\"EntryPoint\",\"urlTemplate\":\"https:\\\/\\\/www.aitec-gruppe.de\\\/?s={search_term_string}\"},\"query-input\":{\"@type\":\"PropertyValueSpecification\",\"valueRequired\":true,\"valueName\":\"search_term_string\"}}],\"inLanguage\":\"de\"},{\"@type\":\"Organization\",\"@id\":\"https:\\\/\\\/www.aitec-gruppe.de\\\/#organization\",\"name\":\"AITEC Gruppe\",\"url\":\"https:\\\/\\\/www.aitec-gruppe.de\\\/\",\"logo\":{\"@type\":\"ImageObject\",\"inLanguage\":\"de\",\"@id\":\"https:\\\/\\\/www.aitec-gruppe.de\\\/#\\\/schema\\\/logo\\\/image\\\/\",\"url\":\"https:\\\/\\\/www.aitec-gruppe.de\\\/wp-content\\\/uploads\\\/2024\\\/10\\\/Kugel_GK_RGB.svg\",\"contentUrl\":\"https:\\\/\\\/www.aitec-gruppe.de\\\/wp-content\\\/uploads\\\/2024\\\/10\\\/Kugel_GK_RGB.svg\",\"width\":180,\"height\":180,\"caption\":\"AITEC Gruppe\"},\"image\":{\"@id\":\"https:\\\/\\\/www.aitec-gruppe.de\\\/#\\\/schema\\\/logo\\\/image\\\/\"},\"sameAs\":[\"https:\\\/\\\/www.facebook.com\\\/Galek.Kowald\",\"https:\\\/\\\/www.instagram.com\\\/galekundkowald\\\/\",\"https:\\\/\\\/www.linkedin.com\\\/company\\\/galek-kowald\\\/\"]},{\"@type\":\"Person\",\"@id\":\"https:\\\/\\\/www.aitec-gruppe.de\\\/#\\\/schema\\\/person\\\/e0ca7f2af7ffd7b0ff76ec7c72633968\",\"name\":\"Antje Erbst\u00f6\u00dfer\",\"url\":\"https:\\\/\\\/www.aitec-gruppe.de\\\/index.php\\\/author\\\/antje\\\/\"}]}<\/script>\n<!-- \/ Yoast SEO plugin. -->","yoast_head_json":{"title":"Energieeffizienzgesetz - EnEfG - AITEC Gruppe","robots":{"index":"index","follow":"follow","max-snippet":"max-snippet:-1","max-image-preview":"max-image-preview:large","max-video-preview":"max-video-preview:-1"},"canonical":"https:\/\/www.aitec-gruppe.de\/index.php\/2025\/03\/03\/energieeffizienzgesetz-enefg\/","og_locale":"de_DE","og_type":"article","og_title":"Energieeffizienzgesetz - EnEfG - AITEC Gruppe","og_description":"[vc_row type=&#8220;in_container&#8220; full_screen_row_position=&#8220;middle&#8220; column_margin=&#8220;default&#8220; column_direction=&#8220;default&#8220; column_direction_tablet=&#8220;default&#8220; column_direction_phone=&#8220;default&#8220; scene_position=&#8220;center&#8220; text_color=&#8220;dark&#8220; text_align=&#8220;left&#8220; row_border_radius=&#8220;none&#8220; row_border_radius_applies=&#8220;bg&#8220; overflow=&#8220;visible&#8220; overlay_strength=&#8220;0.3&#8243; gradient_direction=&#8220;left_to_right&#8220; shape_divider_position=&#8220;bottom&#8220; bg_image_animation=&#8220;none&#8220;][vc_column column_padding=&#8220;no-extra-padding&#8220; column_padding_tablet=&#8220;inherit&#8220; column_padding_phone=&#8220;inherit&#8220; column_padding_position=&#8220;all&#8220; column_element_direction_desktop=&#8220;default&#8220; column_element_spacing=&#8220;default&#8220; desktop_text_alignment=&#8220;default&#8220; tablet_text_alignment=&#8220;default&#8220; phone_text_alignment=&#8220;default&#8220; background_color_opacity=&#8220;1&#8243; background_hover_color_opacity=&#8220;1&#8243; column_backdrop_filter=&#8220;none&#8220; column_shadow=&#8220;none&#8220;...","og_url":"https:\/\/www.aitec-gruppe.de\/index.php\/2025\/03\/03\/energieeffizienzgesetz-enefg\/","og_site_name":"AITEC Gruppe","article_publisher":"https:\/\/www.facebook.com\/Galek.Kowald","article_published_time":"2025-03-03T12:03:49+00:00","article_modified_time":"2025-04-07T12:29:38+00:00","og_image":[{"width":1080,"height":718,"url":"https:\/\/www.aitec-gruppe.de\/wp-content\/uploads\/2025\/04\/Energie-Foerdermittelbereatung.jpg","type":"image\/jpeg"}],"author":"Antje Erbst\u00f6\u00dfer","twitter_card":"summary_large_image","twitter_misc":{"Verfasst von":"Antje Erbst\u00f6\u00dfer","Gesch\u00e4tzte Lesezeit":"2\u00a0Minuten"},"schema":{"@context":"https:\/\/schema.org","@graph":[{"@type":"Article","@id":"https:\/\/www.aitec-gruppe.de\/index.php\/2025\/03\/03\/energieeffizienzgesetz-enefg\/#article","isPartOf":{"@id":"https:\/\/www.aitec-gruppe.de\/index.php\/2025\/03\/03\/energieeffizienzgesetz-enefg\/"},"author":{"name":"Antje Erbst\u00f6\u00dfer","@id":"https:\/\/www.aitec-gruppe.de\/#\/schema\/person\/e0ca7f2af7ffd7b0ff76ec7c72633968"},"headline":"Energieeffizienzgesetz &#8211; EnEfG","datePublished":"2025-03-03T12:03:49+00:00","dateModified":"2025-04-07T12:29:38+00:00","mainEntityOfPage":{"@id":"https:\/\/www.aitec-gruppe.de\/index.php\/2025\/03\/03\/energieeffizienzgesetz-enefg\/"},"wordCount":380,"publisher":{"@id":"https:\/\/www.aitec-gruppe.de\/#organization"},"image":{"@id":"https:\/\/www.aitec-gruppe.de\/index.php\/2025\/03\/03\/energieeffizienzgesetz-enefg\/#primaryimage"},"thumbnailUrl":"https:\/\/www.aitec-gruppe.de\/wp-content\/uploads\/2025\/04\/Energie-Foerdermittelbereatung.jpg","inLanguage":"de"},{"@type":"WebPage","@id":"https:\/\/www.aitec-gruppe.de\/index.php\/2025\/03\/03\/energieeffizienzgesetz-enefg\/","url":"https:\/\/www.aitec-gruppe.de\/index.php\/2025\/03\/03\/energieeffizienzgesetz-enefg\/","name":"Energieeffizienzgesetz - EnEfG - AITEC Gruppe","isPartOf":{"@id":"https:\/\/www.aitec-gruppe.de\/#website"},"primaryImageOfPage":{"@id":"https:\/\/www.aitec-gruppe.de\/index.php\/2025\/03\/03\/energieeffizienzgesetz-enefg\/#primaryimage"},"image":{"@id":"https:\/\/www.aitec-gruppe.de\/index.php\/2025\/03\/03\/energieeffizienzgesetz-enefg\/#primaryimage"},"thumbnailUrl":"https:\/\/www.aitec-gruppe.de\/wp-content\/uploads\/2025\/04\/Energie-Foerdermittelbereatung.jpg","datePublished":"2025-03-03T12:03:49+00:00","dateModified":"2025-04-07T12:29:38+00:00","breadcrumb":{"@id":"https:\/\/www.aitec-gruppe.de\/index.php\/2025\/03\/03\/energieeffizienzgesetz-enefg\/#breadcrumb"},"inLanguage":"de","potentialAction":[{"@type":"ReadAction","target":["https:\/\/www.aitec-gruppe.de\/index.php\/2025\/03\/03\/energieeffizienzgesetz-enefg\/"]}]},{"@type":"ImageObject","inLanguage":"de","@id":"https:\/\/www.aitec-gruppe.de\/index.php\/2025\/03\/03\/energieeffizienzgesetz-enefg\/#primaryimage","url":"https:\/\/www.aitec-gruppe.de\/wp-content\/uploads\/2025\/04\/Energie-Foerdermittelbereatung.jpg","contentUrl":"https:\/\/www.aitec-gruppe.de\/wp-content\/uploads\/2025\/04\/Energie-Foerdermittelbereatung.jpg","width":1080,"height":718},{"@type":"BreadcrumbList","@id":"https:\/\/www.aitec-gruppe.de\/index.php\/2025\/03\/03\/energieeffizienzgesetz-enefg\/#breadcrumb","itemListElement":[{"@type":"ListItem","position":1,"name":"Startseite","item":"https:\/\/www.aitec-gruppe.de\/"},{"@type":"ListItem","position":2,"name":"Energieeffizienzgesetz &#8211; EnEfG"}]},{"@type":"WebSite","@id":"https:\/\/www.aitec-gruppe.de\/#website","url":"https:\/\/www.aitec-gruppe.de\/","name":"AITEC Gruppe","description":"","publisher":{"@id":"https:\/\/www.aitec-gruppe.de\/#organization"},"potentialAction":[{"@type":"SearchAction","target":{"@type":"EntryPoint","urlTemplate":"https:\/\/www.aitec-gruppe.de\/?s={search_term_string}"},"query-input":{"@type":"PropertyValueSpecification","valueRequired":true,"valueName":"search_term_string"}}],"inLanguage":"de"},{"@type":"Organization","@id":"https:\/\/www.aitec-gruppe.de\/#organization","name":"AITEC Gruppe","url":"https:\/\/www.aitec-gruppe.de\/","logo":{"@type":"ImageObject","inLanguage":"de","@id":"https:\/\/www.aitec-gruppe.de\/#\/schema\/logo\/image\/","url":"https:\/\/www.aitec-gruppe.de\/wp-content\/uploads\/2024\/10\/Kugel_GK_RGB.svg","contentUrl":"https:\/\/www.aitec-gruppe.de\/wp-content\/uploads\/2024\/10\/Kugel_GK_RGB.svg","width":180,"height":180,"caption":"AITEC Gruppe"},"image":{"@id":"https:\/\/www.aitec-gruppe.de\/#\/schema\/logo\/image\/"},"sameAs":["https:\/\/www.facebook.com\/Galek.Kowald","https:\/\/www.instagram.com\/galekundkowald\/","https:\/\/www.linkedin.com\/company\/galek-kowald\/"]},{"@type":"Person","@id":"https:\/\/www.aitec-gruppe.de\/#\/schema\/person\/e0ca7f2af7ffd7b0ff76ec7c72633968","name":"Antje Erbst\u00f6\u00dfer","url":"https:\/\/www.aitec-gruppe.de\/index.php\/author\/antje\/"}]}},"_links":{"self":[{"href":"https:\/\/www.aitec-gruppe.de\/index.php\/wp-json\/wp\/v2\/posts\/1452","targetHints":{"allow":["GET"]}}],"collection":[{"href":"https:\/\/www.aitec-gruppe.de\/index.php\/wp-json\/wp\/v2\/posts"}],"about":[{"href":"https:\/\/www.aitec-gruppe.de\/index.php\/wp-json\/wp\/v2\/types\/post"}],"author":[{"embeddable":true,"href":"https:\/\/www.aitec-gruppe.de\/index.php\/wp-json\/wp\/v2\/users\/5"}],"replies":[{"embeddable":true,"href":"https:\/\/www.aitec-gruppe.de\/index.php\/wp-json\/wp\/v2\/comments?post=1452"}],"version-history":[{"count":10,"href":"https:\/\/www.aitec-gruppe.de\/index.php\/wp-json\/wp\/v2\/posts\/1452\/revisions"}],"predecessor-version":[{"id":1810,"href":"https:\/\/www.aitec-gruppe.de\/index.php\/wp-json\/wp\/v2\/posts\/1452\/revisions\/1810"}],"wp:featuredmedia":[{"embeddable":true,"href":"https:\/\/www.aitec-gruppe.de\/index.php\/wp-json\/wp\/v2\/media\/1577"}],"wp:attachment":[{"href":"https:\/\/www.aitec-gruppe.de\/index.php\/wp-json\/wp\/v2\/media?parent=1452"}],"wp:term":[{"taxonomy":"category","embeddable":true,"href":"https:\/\/www.aitec-gruppe.de\/index.php\/wp-json\/wp\/v2\/categories?post=1452"},{"taxonomy":"post_tag","embeddable":true,"href":"https:\/\/www.aitec-gruppe.de\/index.php\/wp-json\/wp\/v2\/tags?post=1452"}],"curies":[{"name":"wp","href":"https:\/\/api.w.org\/{rel}","templated":true}]}}