{"id":1765,"date":"2025-04-07T13:21:15","date_gmt":"2025-04-07T11:21:15","guid":{"rendered":"https:\/\/wordpress.p679375.webspaceconfig.de\/?p=1765"},"modified":"2025-04-07T13:21:15","modified_gmt":"2025-04-07T11:21:15","slug":"stellenanzeige-ausbildung-als-mechatroniker-in-m-w-d","status":"publish","type":"post","link":"https:\/\/www.aitec-gruppe.de\/index.php\/2025\/04\/07\/stellenanzeige-ausbildung-als-mechatroniker-in-m-w-d\/","title":{"rendered":"Stellenanzeige Ausbildung als Mechatroniker\/in (m\/w\/d)"},"content":{"rendered":"[vc_row type=&#8220;in_container&#8220; full_screen_row_position=&#8220;middle&#8220; column_margin=&#8220;default&#8220; column_direction=&#8220;default&#8220; column_direction_tablet=&#8220;default&#8220; column_direction_phone=&#8220;default&#8220; scene_position=&#8220;center&#8220; text_color=&#8220;dark&#8220; text_align=&#8220;left&#8220; row_border_radius=&#8220;none&#8220; row_border_radius_applies=&#8220;bg&#8220; overflow=&#8220;visible&#8220; overlay_strength=&#8220;0.3&#8243; gradient_direction=&#8220;left_to_right&#8220; shape_divider_position=&#8220;bottom&#8220; bg_image_animation=&#8220;none&#8220; gradient_type=&#8220;default&#8220; shape_type=&#8220;&#8220;][vc_column column_padding=&#8220;no-extra-padding&#8220; column_padding_tablet=&#8220;inherit&#8220; column_padding_phone=&#8220;inherit&#8220; column_padding_position=&#8220;all&#8220; column_element_direction_desktop=&#8220;default&#8220; column_element_spacing=&#8220;default&#8220; desktop_text_alignment=&#8220;default&#8220; tablet_text_alignment=&#8220;default&#8220; phone_text_alignment=&#8220;default&#8220; background_color_opacity=&#8220;1&#8243; background_hover_color_opacity=&#8220;1&#8243; column_backdrop_filter=&#8220;none&#8220; column_shadow=&#8220;none&#8220; column_border_radius=&#8220;none&#8220; column_link_target=&#8220;_self&#8220; column_position=&#8220;default&#8220; gradient_direction=&#8220;left_to_right&#8220; overlay_strength=&#8220;0.3&#8243; width=&#8220;1\/1&#8243; tablet_width_inherit=&#8220;default&#8220; animation_type=&#8220;default&#8220; bg_image_animation=&#8220;none&#8220; border_type=&#8220;simple&#8220; column_border_width=&#8220;none&#8220; column_border_style=&#8220;solid&#8220; column_padding_type=&#8220;default&#8220; gradient_type=&#8220;default&#8220;][vc_column_text css=&#8220;&#8220; text_direction=&#8220;default&#8220;]\n<h5 class=\"p1\"><span class=\"s2\">Wir bieten f\u00fcr unseren Standort in M\u00fchlhausen an.<\/span><strong><span class=\"s2\"><br \/>\n<\/span><\/strong><\/h5>\n<h1 class=\"p1\">Ausbildung als Mechatroniker\/in (M\/W\/D)<\/h1>\n<p class=\"p1\">Die Galek &amp; Kowald GmbH ist ein mittelst\u00e4ndischer Dienstleister im Bereich Industrieanlagenbau, Service, Wartung und Energieeffizienzberatugn mit Sitz in M\u00fchlhausen\/Th\u00fcringen und einer Niederlassung in Schmalkalden.<\/p>\n<p class=\"p1\"><strong><span class=\"s2\">\u00a0<\/span><\/strong><\/p>\n[\/vc_column_text][vc_row_inner column_margin=&#8220;default&#8220; column_direction=&#8220;default&#8220; column_direction_tablet=&#8220;default&#8220; column_direction_phone=&#8220;default&#8220; text_align=&#8220;left&#8220; row_position=&#8220;default&#8220; row_position_tablet=&#8220;inherit&#8220; row_position_phone=&#8220;inherit&#8220; overflow=&#8220;visible&#8220; pointer_events=&#8220;all&#8220;][vc_column_inner column_padding=&#8220;padding-5-percent&#8220; column_padding_tablet=&#8220;inherit&#8220; column_padding_phone=&#8220;inherit&#8220; column_padding_position=&#8220;all&#8220; column_element_direction_desktop=&#8220;default&#8220; column_element_spacing=&#8220;default&#8220; desktop_text_alignment=&#8220;default&#8220; tablet_text_alignment=&#8220;default&#8220; phone_text_alignment=&#8220;default&#8220; background_color=&#8220;rgba(24,125,192,0.1)&#8220; background_color_opacity=&#8220;1&#8243; background_hover_color_opacity=&#8220;1&#8243; column_backdrop_filter=&#8220;none&#8220; column_shadow=&#8220;none&#8220; column_border_radius=&#8220;none&#8220; column_link_target=&#8220;_self&#8220; overflow=&#8220;visible&#8220; gradient_direction=&#8220;left_to_right&#8220; overlay_strength=&#8220;0.3&#8243; width=&#8220;1\/1&#8243; tablet_width_inherit=&#8220;default&#8220; animation_type=&#8220;default&#8220; bg_image_animation=&#8220;none&#8220; border_type=&#8220;simple&#8220; column_border_width=&#8220;none&#8220; column_border_style=&#8220;solid&#8220; column_padding_type=&#8220;default&#8220; gradient_type=&#8220;default&#8220;][split_line_heading animation_type=&#8220;line-reveal-by-space&#8220; font_style=&#8220;h3&#8243; line_reveal_by_space_text_effect=&#8220;default&#8220; content_alignment=&#8220;default&#8220; mobile_content_alignment=&#8220;inherit&#8220; link_target=&#8220;_self&#8220; text_direction=&#8220;default&#8220; text_content=&#8220;Was erwartet dich?&#8220;][\/split_line_heading]<div class=\"nectar-fancy-ul\" data-list-icon=\"icon-salient-check\" data-animation=\"true\" data-animation-delay=\"0\" data-color=\"accent-color\" data-spacing=\"default\" data-alignment=\"left\"> \n<ul>\n<li><strong>Vielf\u00e4ltige Aufgaben<\/strong>:<br \/>\nDu kombinierst Mechanik, Pneumatik, Elektronik und Informatik, um hochkomplexe Maschinen und Systeme zu entwickeln, zu warten und zu reparieren.<\/li>\n<li><strong>Praktisches Arbeiten<\/strong>:<br \/>\nMontage, Wartung und Reparatur von komplexen Anlagen; Programmierung von Steuerungs- und Regelungseinrichtungen<\/li>\n<li><strong>Technisches Know-how<\/strong>:<br \/>\nFehlerdiagnose und -behebung an hochmodernen Maschinen und Anlagen<\/li>\n<li><strong>Abwechslung<\/strong>:<br \/>\nEins\u00e4tze in Werkst\u00e4tten, auf Baustellen oder in industriellen Betrieben<\/li>\n<\/ul>\n <\/div>[\/vc_column_inner][vc_column_inner column_padding=&#8220;no-extra-padding&#8220; column_padding_tablet=&#8220;inherit&#8220; column_padding_phone=&#8220;inherit&#8220; column_padding_position=&#8220;all&#8220; column_element_direction_desktop=&#8220;default&#8220; column_element_spacing=&#8220;default&#8220; desktop_text_alignment=&#8220;default&#8220; tablet_text_alignment=&#8220;default&#8220; phone_text_alignment=&#8220;default&#8220; background_color_opacity=&#8220;1&#8243; background_hover_color_opacity=&#8220;1&#8243; column_backdrop_filter=&#8220;none&#8220; column_shadow=&#8220;none&#8220; column_border_radius=&#8220;none&#8220; column_link_target=&#8220;_self&#8220; overflow=&#8220;visible&#8220; gradient_direction=&#8220;left_to_right&#8220; overlay_strength=&#8220;0.3&#8243; width=&#8220;1\/1&#8243; tablet_width_inherit=&#8220;default&#8220; animation_type=&#8220;default&#8220; bg_image_animation=&#8220;none&#8220; border_type=&#8220;simple&#8220; column_border_width=&#8220;none&#8220; column_border_style=&#8220;solid&#8220; column_padding_type=&#8220;default&#8220; gradient_type=&#8220;default&#8220;][\/vc_column_inner][\/vc_row_inner][vc_row_inner column_margin=&#8220;default&#8220; column_direction=&#8220;default&#8220; column_direction_tablet=&#8220;default&#8220; column_direction_phone=&#8220;default&#8220; text_align=&#8220;left&#8220; row_position=&#8220;default&#8220; row_position_tablet=&#8220;inherit&#8220; row_position_phone=&#8220;inherit&#8220; overflow=&#8220;visible&#8220; pointer_events=&#8220;all&#8220;][vc_column_inner column_padding=&#8220;padding-5-percent&#8220; column_padding_tablet=&#8220;inherit&#8220; column_padding_phone=&#8220;inherit&#8220; column_padding_position=&#8220;all&#8220; column_element_direction_desktop=&#8220;default&#8220; column_element_spacing=&#8220;default&#8220; desktop_text_alignment=&#8220;default&#8220; tablet_text_alignment=&#8220;default&#8220; phone_text_alignment=&#8220;default&#8220; background_color=&#8220;rgba(24,125,192,0.1)&#8220; background_color_opacity=&#8220;1&#8243; background_hover_color_opacity=&#8220;1&#8243; column_backdrop_filter=&#8220;none&#8220; column_shadow=&#8220;none&#8220; column_border_radius=&#8220;none&#8220; column_link_target=&#8220;_self&#8220; overflow=&#8220;visible&#8220; gradient_direction=&#8220;left_to_right&#8220; overlay_strength=&#8220;0.3&#8243; width=&#8220;1\/1&#8243; tablet_width_inherit=&#8220;default&#8220; animation_type=&#8220;default&#8220; bg_image_animation=&#8220;none&#8220; border_type=&#8220;simple&#8220; column_border_width=&#8220;none&#8220; column_border_style=&#8220;solid&#8220; column_padding_type=&#8220;default&#8220; gradient_type=&#8220;default&#8220;][split_line_heading animation_type=&#8220;line-reveal-by-space&#8220; font_style=&#8220;h3&#8243; line_reveal_by_space_text_effect=&#8220;default&#8220; content_alignment=&#8220;default&#8220; mobile_content_alignment=&#8220;inherit&#8220; link_target=&#8220;_self&#8220; text_direction=&#8220;default&#8220; text_content=&#8220;Wie sieht die Ausbildung aus?&#8220;][\/split_line_heading]<div class=\"nectar-fancy-ul\" data-list-icon=\"icon-salient-check\" data-animation=\"true\" data-animation-delay=\"0\" data-color=\"accent-color\" data-spacing=\"default\" data-alignment=\"left\"> \n<ul>\n<li>Dauer 3,5 Jahre<\/li>\n<li>Betrieb, Berufsschule und externe Lehrwerkstatt<\/li>\n<\/ul>\n <\/div>[\/vc_column_inner][vc_column_inner column_padding=&#8220;no-extra-padding&#8220; column_padding_tablet=&#8220;inherit&#8220; column_padding_phone=&#8220;inherit&#8220; column_padding_position=&#8220;all&#8220; column_element_direction_desktop=&#8220;default&#8220; column_element_spacing=&#8220;default&#8220; desktop_text_alignment=&#8220;default&#8220; tablet_text_alignment=&#8220;default&#8220; phone_text_alignment=&#8220;default&#8220; background_color_opacity=&#8220;1&#8243; background_hover_color_opacity=&#8220;1&#8243; column_backdrop_filter=&#8220;none&#8220; column_shadow=&#8220;none&#8220; column_border_radius=&#8220;none&#8220; column_link_target=&#8220;_self&#8220; overflow=&#8220;visible&#8220; gradient_direction=&#8220;left_to_right&#8220; overlay_strength=&#8220;0.3&#8243; width=&#8220;1\/1&#8243; tablet_width_inherit=&#8220;default&#8220; animation_type=&#8220;default&#8220; bg_image_animation=&#8220;none&#8220; border_type=&#8220;simple&#8220; column_border_width=&#8220;none&#8220; column_border_style=&#8220;solid&#8220;][\/vc_column_inner][\/vc_row_inner][vc_row_inner column_margin=&#8220;default&#8220; column_direction=&#8220;default&#8220; column_direction_tablet=&#8220;default&#8220; column_direction_phone=&#8220;default&#8220; text_align=&#8220;left&#8220; row_position=&#8220;default&#8220; row_position_tablet=&#8220;inherit&#8220; row_position_phone=&#8220;inherit&#8220; overflow=&#8220;visible&#8220; pointer_events=&#8220;all&#8220;][vc_column_inner column_padding=&#8220;padding-5-percent&#8220; column_padding_tablet=&#8220;inherit&#8220; column_padding_phone=&#8220;inherit&#8220; column_padding_position=&#8220;all&#8220; column_element_direction_desktop=&#8220;default&#8220; column_element_spacing=&#8220;default&#8220; desktop_text_alignment=&#8220;default&#8220; tablet_text_alignment=&#8220;default&#8220; phone_text_alignment=&#8220;default&#8220; background_color=&#8220;rgba(24,125,192,0.1)&#8220; background_color_opacity=&#8220;1&#8243; background_hover_color_opacity=&#8220;1&#8243; column_backdrop_filter=&#8220;none&#8220; column_shadow=&#8220;none&#8220; column_border_radius=&#8220;none&#8220; column_link_target=&#8220;_self&#8220; overflow=&#8220;visible&#8220; gradient_direction=&#8220;left_to_right&#8220; overlay_strength=&#8220;0.3&#8243; width=&#8220;1\/1&#8243; tablet_width_inherit=&#8220;default&#8220; animation_type=&#8220;default&#8220; bg_image_animation=&#8220;none&#8220; border_type=&#8220;simple&#8220; column_border_width=&#8220;none&#8220; column_border_style=&#8220;solid&#8220; column_padding_type=&#8220;default&#8220; gradient_type=&#8220;default&#8220;][split_line_heading animation_type=&#8220;line-reveal-by-space&#8220; font_style=&#8220;h3&#8243; line_reveal_by_space_text_effect=&#8220;default&#8220; content_alignment=&#8220;default&#8220; mobile_content_alignment=&#8220;inherit&#8220; link_target=&#8220;_self&#8220; text_direction=&#8220;default&#8220; text_content=&#8220;Was solltest du mitbringen?&#8220;][\/split_line_heading]<div class=\"nectar-fancy-ul\" data-list-icon=\"icon-salient-check\" data-animation=\"true\" data-animation-delay=\"0\" data-color=\"accent-color\" data-spacing=\"default\" data-alignment=\"left\"> \n<ul>\n<li class=\"p2\">\n<p class=\"p1\">Mittlere Reife \/ Fachhochschulreife \/ Abitur<\/p>\n<\/li>\n<li class=\"p2\">\n<p class=\"p1\">Gute Noten in Mathe, Physik oder Technik\/Werken<\/p>\n<\/li>\n<li class=\"p2\">\n<p class=\"p1\">Handwerkliches Geschick und technisches Verst\u00e4ndnis<\/p>\n<\/li>\n<li class=\"p2\">Freude an Teamarbeit und pr\u00e4zisem Arbeiten<\/li>\n<\/ul>\n <\/div>[\/vc_column_inner][\/vc_row_inner][vc_row_inner column_margin=&#8220;default&#8220; column_direction=&#8220;default&#8220; column_direction_tablet=&#8220;default&#8220; column_direction_phone=&#8220;default&#8220; text_align=&#8220;left&#8220; row_position=&#8220;default&#8220; row_position_tablet=&#8220;inherit&#8220; row_position_phone=&#8220;inherit&#8220; overflow=&#8220;visible&#8220; pointer_events=&#8220;all&#8220;][vc_column_inner column_padding=&#8220;padding-5-percent&#8220; column_padding_tablet=&#8220;inherit&#8220; column_padding_phone=&#8220;inherit&#8220; column_padding_position=&#8220;all&#8220; column_element_direction_desktop=&#8220;default&#8220; column_element_spacing=&#8220;default&#8220; desktop_text_alignment=&#8220;default&#8220; tablet_text_alignment=&#8220;default&#8220; phone_text_alignment=&#8220;default&#8220; background_color=&#8220;rgba(24,125,192,0.1)&#8220; background_color_opacity=&#8220;1&#8243; background_hover_color_opacity=&#8220;1&#8243; column_backdrop_filter=&#8220;none&#8220; column_shadow=&#8220;none&#8220; column_border_radius=&#8220;none&#8220; column_link_target=&#8220;_self&#8220; overflow=&#8220;visible&#8220; gradient_direction=&#8220;left_to_right&#8220; overlay_strength=&#8220;0.3&#8243; width=&#8220;1\/1&#8243; tablet_width_inherit=&#8220;default&#8220; animation_type=&#8220;default&#8220; bg_image_animation=&#8220;none&#8220; border_type=&#8220;simple&#8220; column_border_width=&#8220;none&#8220; column_border_style=&#8220;solid&#8220; column_padding_type=&#8220;default&#8220; gradient_type=&#8220;default&#8220;][split_line_heading animation_type=&#8220;line-reveal-by-space&#8220; font_style=&#8220;h3&#8243; line_reveal_by_space_text_effect=&#8220;default&#8220; content_alignment=&#8220;default&#8220; mobile_content_alignment=&#8220;inherit&#8220; link_target=&#8220;_self&#8220; text_direction=&#8220;default&#8220; text_content=&#8220;Was kannst du erreichen?&#8220;][\/split_line_heading]<div class=\"nectar-fancy-ul\" data-list-icon=\"icon-salient-check\" data-animation=\"true\" data-animation-delay=\"0\" data-color=\"accent-color\" data-spacing=\"default\" data-alignment=\"left\"> \n<ul>\n<li>sehr gute \u00dcbernahmeperspektive<\/li>\n<li>super Weiterbildungsm\u00f6glichkeiten zum Meister oder<br \/>\nTechniker<\/li>\n<\/ul>\n <\/div>[\/vc_column_inner][\/vc_row_inner][\/vc_column][\/vc_row][vc_row type=&#8220;in_container&#8220; full_screen_row_position=&#8220;middle&#8220; column_margin=&#8220;default&#8220; column_direction=&#8220;default&#8220; column_direction_tablet=&#8220;default&#8220; column_direction_phone=&#8220;default&#8220; scene_position=&#8220;center&#8220; text_color=&#8220;dark&#8220; text_align=&#8220;left&#8220; row_border_radius=&#8220;none&#8220; row_border_radius_applies=&#8220;bg&#8220; overflow=&#8220;visible&#8220; overlay_strength=&#8220;0.3&#8243; gradient_direction=&#8220;left_to_right&#8220; shape_divider_position=&#8220;bottom&#8220; bg_image_animation=&#8220;none&#8220;][vc_column column_padding=&#8220;no-extra-padding&#8220; column_padding_tablet=&#8220;inherit&#8220; column_padding_phone=&#8220;inherit&#8220; column_padding_position=&#8220;all&#8220; column_element_direction_desktop=&#8220;default&#8220; column_element_spacing=&#8220;default&#8220; desktop_text_alignment=&#8220;default&#8220; tablet_text_alignment=&#8220;default&#8220; phone_text_alignment=&#8220;default&#8220; background_color_opacity=&#8220;1&#8243; background_hover_color_opacity=&#8220;1&#8243; column_backdrop_filter=&#8220;none&#8220; column_shadow=&#8220;none&#8220; column_border_radius=&#8220;none&#8220; column_link_target=&#8220;_self&#8220; column_position=&#8220;default&#8220; gradient_direction=&#8220;left_to_right&#8220; overlay_strength=&#8220;0.3&#8243; width=&#8220;1\/1&#8243; tablet_width_inherit=&#8220;default&#8220; animation_type=&#8220;default&#8220; bg_image_animation=&#8220;none&#8220; border_type=&#8220;simple&#8220; column_border_width=&#8220;none&#8220; column_border_style=&#8220;solid&#8220;][nectar_global_section id=&#8220;1739&#8243;][\/vc_column][\/vc_row]\n","protected":false},"excerpt":{"rendered":"<p>[vc_row type=&#8220;in_container&#8220; full_screen_row_position=&#8220;middle&#8220; column_margin=&#8220;default&#8220; column_direction=&#8220;default&#8220; column_direction_tablet=&#8220;default&#8220; column_direction_phone=&#8220;default&#8220; scene_position=&#8220;center&#8220; text_color=&#8220;dark&#8220; text_align=&#8220;left&#8220; row_border_radius=&#8220;none&#8220; row_border_radius_applies=&#8220;bg&#8220; overflow=&#8220;visible&#8220; overlay_strength=&#8220;0.3&#8243; gradient_direction=&#8220;left_to_right&#8220; shape_divider_position=&#8220;bottom&#8220; bg_image_animation=&#8220;none&#8220; gradient_type=&#8220;default&#8220; shape_type=&#8220;&#8220;][vc_column column_padding=&#8220;no-extra-padding&#8220; column_padding_tablet=&#8220;inherit&#8220; column_padding_phone=&#8220;inherit&#8220; column_padding_position=&#8220;all&#8220; column_element_direction_desktop=&#8220;default&#8220; column_element_spacing=&#8220;default&#8220; desktop_text_alignment=&#8220;default&#8220; tablet_text_alignment=&#8220;default&#8220; phone_text_alignment=&#8220;default&#8220; background_color_opacity=&#8220;1&#8243; background_hover_color_opacity=&#8220;1&#8243;&#8230;<\/p>\n","protected":false},"author":5,"featured_media":53,"comment_status":"closed","ping_status":"closed","sticky":false,"template":"","format":"standard","meta":{"footnotes":""},"categories":[9],"tags":[],"class_list":{"0":"post-1765","1":"post","2":"type-post","3":"status-publish","4":"format-standard","5":"has-post-thumbnail","7":"category-stellenanzeigen"},"yoast_head":"<!-- This site is optimized with the Yoast SEO plugin v27.3 - https:\/\/yoast.com\/product\/yoast-seo-wordpress\/ -->\n<title>Stellenanzeige Ausbildung als Mechatroniker\/in (m\/w\/d) - AITEC Gruppe<\/title>\n<meta name=\"robots\" content=\"index, follow, max-snippet:-1, max-image-preview:large, max-video-preview:-1\" \/>\n<link rel=\"canonical\" href=\"https:\/\/www.aitec-gruppe.de\/index.php\/2025\/04\/07\/stellenanzeige-ausbildung-als-mechatroniker-in-m-w-d\/\" \/>\n<meta property=\"og:locale\" content=\"de_DE\" \/>\n<meta property=\"og:type\" content=\"article\" \/>\n<meta property=\"og:title\" content=\"Stellenanzeige Ausbildung als Mechatroniker\/in (m\/w\/d) - AITEC Gruppe\" \/>\n<meta property=\"og:description\" content=\"[vc_row type=&#8220;in_container&#8220; full_screen_row_position=&#8220;middle&#8220; column_margin=&#8220;default&#8220; column_direction=&#8220;default&#8220; column_direction_tablet=&#8220;default&#8220; column_direction_phone=&#8220;default&#8220; scene_position=&#8220;center&#8220; text_color=&#8220;dark&#8220; text_align=&#8220;left&#8220; row_border_radius=&#8220;none&#8220; row_border_radius_applies=&#8220;bg&#8220; overflow=&#8220;visible&#8220; overlay_strength=&#8220;0.3&#8243; gradient_direction=&#8220;left_to_right&#8220; shape_divider_position=&#8220;bottom&#8220; bg_image_animation=&#8220;none&#8220; gradient_type=&#8220;default&#8220; shape_type=&#8220;&#8220;][vc_column column_padding=&#8220;no-extra-padding&#8220; column_padding_tablet=&#8220;inherit&#8220; column_padding_phone=&#8220;inherit&#8220; column_padding_position=&#8220;all&#8220; column_element_direction_desktop=&#8220;default&#8220; column_element_spacing=&#8220;default&#8220; desktop_text_alignment=&#8220;default&#8220; tablet_text_alignment=&#8220;default&#8220; phone_text_alignment=&#8220;default&#8220; background_color_opacity=&#8220;1&#8243; background_hover_color_opacity=&#8220;1&#8243;...\" \/>\n<meta property=\"og:url\" content=\"https:\/\/www.aitec-gruppe.de\/index.php\/2025\/04\/07\/stellenanzeige-ausbildung-als-mechatroniker-in-m-w-d\/\" \/>\n<meta property=\"og:site_name\" content=\"AITEC Gruppe\" \/>\n<meta property=\"article:publisher\" content=\"https:\/\/www.facebook.com\/Galek.Kowald\" \/>\n<meta property=\"article:published_time\" content=\"2025-04-07T11:21:15+00:00\" \/>\n<meta property=\"og:image\" content=\"https:\/\/www.aitec-gruppe.de\/wp-content\/uploads\/2024\/10\/GK-021.jpg\" \/>\n\t<meta property=\"og:image:width\" content=\"1920\" \/>\n\t<meta property=\"og:image:height\" content=\"1280\" \/>\n\t<meta property=\"og:image:type\" content=\"image\/jpeg\" \/>\n<meta name=\"author\" content=\"Antje Erbst\u00f6\u00dfer\" \/>\n<meta name=\"twitter:card\" content=\"summary_large_image\" \/>\n<meta name=\"twitter:label1\" content=\"Verfasst von\" \/>\n\t<meta name=\"twitter:data1\" content=\"Antje Erbst\u00f6\u00dfer\" \/>\n\t<meta name=\"twitter:label2\" content=\"Gesch\u00e4tzte Lesezeit\" \/>\n\t<meta name=\"twitter:data2\" content=\"7\u00a0Minuten\" \/>\n<script type=\"application\/ld+json\" class=\"yoast-schema-graph\">{\"@context\":\"https:\\\/\\\/schema.org\",\"@graph\":[{\"@type\":\"Article\",\"@id\":\"https:\\\/\\\/www.aitec-gruppe.de\\\/index.php\\\/2025\\\/04\\\/07\\\/stellenanzeige-ausbildung-als-mechatroniker-in-m-w-d\\\/#article\",\"isPartOf\":{\"@id\":\"https:\\\/\\\/www.aitec-gruppe.de\\\/index.php\\\/2025\\\/04\\\/07\\\/stellenanzeige-ausbildung-als-mechatroniker-in-m-w-d\\\/\"},\"author\":{\"name\":\"Antje Erbst\u00f6\u00dfer\",\"@id\":\"https:\\\/\\\/www.aitec-gruppe.de\\\/#\\\/schema\\\/person\\\/e0ca7f2af7ffd7b0ff76ec7c72633968\"},\"headline\":\"Stellenanzeige Ausbildung als Mechatroniker\\\/in (m\\\/w\\\/d)\",\"datePublished\":\"2025-04-07T11:21:15+00:00\",\"mainEntityOfPage\":{\"@id\":\"https:\\\/\\\/www.aitec-gruppe.de\\\/index.php\\\/2025\\\/04\\\/07\\\/stellenanzeige-ausbildung-als-mechatroniker-in-m-w-d\\\/\"},\"wordCount\":1499,\"publisher\":{\"@id\":\"https:\\\/\\\/www.aitec-gruppe.de\\\/#organization\"},\"image\":{\"@id\":\"https:\\\/\\\/www.aitec-gruppe.de\\\/index.php\\\/2025\\\/04\\\/07\\\/stellenanzeige-ausbildung-als-mechatroniker-in-m-w-d\\\/#primaryimage\"},\"thumbnailUrl\":\"https:\\\/\\\/www.aitec-gruppe.de\\\/wp-content\\\/uploads\\\/2024\\\/10\\\/GK-021.jpg\",\"articleSection\":[\"Stellenanzeigen\"],\"inLanguage\":\"de\"},{\"@type\":\"WebPage\",\"@id\":\"https:\\\/\\\/www.aitec-gruppe.de\\\/index.php\\\/2025\\\/04\\\/07\\\/stellenanzeige-ausbildung-als-mechatroniker-in-m-w-d\\\/\",\"url\":\"https:\\\/\\\/www.aitec-gruppe.de\\\/index.php\\\/2025\\\/04\\\/07\\\/stellenanzeige-ausbildung-als-mechatroniker-in-m-w-d\\\/\",\"name\":\"Stellenanzeige Ausbildung als Mechatroniker\\\/in (m\\\/w\\\/d) - AITEC Gruppe\",\"isPartOf\":{\"@id\":\"https:\\\/\\\/www.aitec-gruppe.de\\\/#website\"},\"primaryImageOfPage\":{\"@id\":\"https:\\\/\\\/www.aitec-gruppe.de\\\/index.php\\\/2025\\\/04\\\/07\\\/stellenanzeige-ausbildung-als-mechatroniker-in-m-w-d\\\/#primaryimage\"},\"image\":{\"@id\":\"https:\\\/\\\/www.aitec-gruppe.de\\\/index.php\\\/2025\\\/04\\\/07\\\/stellenanzeige-ausbildung-als-mechatroniker-in-m-w-d\\\/#primaryimage\"},\"thumbnailUrl\":\"https:\\\/\\\/www.aitec-gruppe.de\\\/wp-content\\\/uploads\\\/2024\\\/10\\\/GK-021.jpg\",\"datePublished\":\"2025-04-07T11:21:15+00:00\",\"breadcrumb\":{\"@id\":\"https:\\\/\\\/www.aitec-gruppe.de\\\/index.php\\\/2025\\\/04\\\/07\\\/stellenanzeige-ausbildung-als-mechatroniker-in-m-w-d\\\/#breadcrumb\"},\"inLanguage\":\"de\",\"potentialAction\":[{\"@type\":\"ReadAction\",\"target\":[\"https:\\\/\\\/www.aitec-gruppe.de\\\/index.php\\\/2025\\\/04\\\/07\\\/stellenanzeige-ausbildung-als-mechatroniker-in-m-w-d\\\/\"]}]},{\"@type\":\"ImageObject\",\"inLanguage\":\"de\",\"@id\":\"https:\\\/\\\/www.aitec-gruppe.de\\\/index.php\\\/2025\\\/04\\\/07\\\/stellenanzeige-ausbildung-als-mechatroniker-in-m-w-d\\\/#primaryimage\",\"url\":\"https:\\\/\\\/www.aitec-gruppe.de\\\/wp-content\\\/uploads\\\/2024\\\/10\\\/GK-021.jpg\",\"contentUrl\":\"https:\\\/\\\/www.aitec-gruppe.de\\\/wp-content\\\/uploads\\\/2024\\\/10\\\/GK-021.jpg\",\"width\":1920,\"height\":1280,\"caption\":\"Ausbildung als Anlagenmechaniker\\\/in (m\\\/w\\\/d)\"},{\"@type\":\"BreadcrumbList\",\"@id\":\"https:\\\/\\\/www.aitec-gruppe.de\\\/index.php\\\/2025\\\/04\\\/07\\\/stellenanzeige-ausbildung-als-mechatroniker-in-m-w-d\\\/#breadcrumb\",\"itemListElement\":[{\"@type\":\"ListItem\",\"position\":1,\"name\":\"Startseite\",\"item\":\"https:\\\/\\\/www.aitec-gruppe.de\\\/\"},{\"@type\":\"ListItem\",\"position\":2,\"name\":\"Stellenanzeige Ausbildung als Mechatroniker\\\/in (m\\\/w\\\/d)\"}]},{\"@type\":\"WebSite\",\"@id\":\"https:\\\/\\\/www.aitec-gruppe.de\\\/#website\",\"url\":\"https:\\\/\\\/www.aitec-gruppe.de\\\/\",\"name\":\"AITEC Gruppe\",\"description\":\"\",\"publisher\":{\"@id\":\"https:\\\/\\\/www.aitec-gruppe.de\\\/#organization\"},\"potentialAction\":[{\"@type\":\"SearchAction\",\"target\":{\"@type\":\"EntryPoint\",\"urlTemplate\":\"https:\\\/\\\/www.aitec-gruppe.de\\\/?s={search_term_string}\"},\"query-input\":{\"@type\":\"PropertyValueSpecification\",\"valueRequired\":true,\"valueName\":\"search_term_string\"}}],\"inLanguage\":\"de\"},{\"@type\":\"Organization\",\"@id\":\"https:\\\/\\\/www.aitec-gruppe.de\\\/#organization\",\"name\":\"AITEC Gruppe\",\"url\":\"https:\\\/\\\/www.aitec-gruppe.de\\\/\",\"logo\":{\"@type\":\"ImageObject\",\"inLanguage\":\"de\",\"@id\":\"https:\\\/\\\/www.aitec-gruppe.de\\\/#\\\/schema\\\/logo\\\/image\\\/\",\"url\":\"https:\\\/\\\/www.aitec-gruppe.de\\\/wp-content\\\/uploads\\\/2024\\\/10\\\/Kugel_GK_RGB.svg\",\"contentUrl\":\"https:\\\/\\\/www.aitec-gruppe.de\\\/wp-content\\\/uploads\\\/2024\\\/10\\\/Kugel_GK_RGB.svg\",\"width\":180,\"height\":180,\"caption\":\"AITEC Gruppe\"},\"image\":{\"@id\":\"https:\\\/\\\/www.aitec-gruppe.de\\\/#\\\/schema\\\/logo\\\/image\\\/\"},\"sameAs\":[\"https:\\\/\\\/www.facebook.com\\\/Galek.Kowald\",\"https:\\\/\\\/www.instagram.com\\\/galekundkowald\\\/\",\"https:\\\/\\\/www.linkedin.com\\\/company\\\/galek-kowald\\\/\"]},{\"@type\":\"Person\",\"@id\":\"https:\\\/\\\/www.aitec-gruppe.de\\\/#\\\/schema\\\/person\\\/e0ca7f2af7ffd7b0ff76ec7c72633968\",\"name\":\"Antje Erbst\u00f6\u00dfer\",\"url\":\"https:\\\/\\\/www.aitec-gruppe.de\\\/index.php\\\/author\\\/antje\\\/\"}]}<\/script>\n<!-- \/ Yoast SEO plugin. -->","yoast_head_json":{"title":"Stellenanzeige Ausbildung als Mechatroniker\/in (m\/w\/d) - AITEC Gruppe","robots":{"index":"index","follow":"follow","max-snippet":"max-snippet:-1","max-image-preview":"max-image-preview:large","max-video-preview":"max-video-preview:-1"},"canonical":"https:\/\/www.aitec-gruppe.de\/index.php\/2025\/04\/07\/stellenanzeige-ausbildung-als-mechatroniker-in-m-w-d\/","og_locale":"de_DE","og_type":"article","og_title":"Stellenanzeige Ausbildung als Mechatroniker\/in (m\/w\/d) - AITEC Gruppe","og_description":"[vc_row type=&#8220;in_container&#8220; full_screen_row_position=&#8220;middle&#8220; column_margin=&#8220;default&#8220; column_direction=&#8220;default&#8220; column_direction_tablet=&#8220;default&#8220; column_direction_phone=&#8220;default&#8220; scene_position=&#8220;center&#8220; text_color=&#8220;dark&#8220; text_align=&#8220;left&#8220; row_border_radius=&#8220;none&#8220; row_border_radius_applies=&#8220;bg&#8220; overflow=&#8220;visible&#8220; overlay_strength=&#8220;0.3&#8243; gradient_direction=&#8220;left_to_right&#8220; shape_divider_position=&#8220;bottom&#8220; bg_image_animation=&#8220;none&#8220; gradient_type=&#8220;default&#8220; shape_type=&#8220;&#8220;][vc_column column_padding=&#8220;no-extra-padding&#8220; column_padding_tablet=&#8220;inherit&#8220; column_padding_phone=&#8220;inherit&#8220; column_padding_position=&#8220;all&#8220; column_element_direction_desktop=&#8220;default&#8220; column_element_spacing=&#8220;default&#8220; desktop_text_alignment=&#8220;default&#8220; tablet_text_alignment=&#8220;default&#8220; phone_text_alignment=&#8220;default&#8220; background_color_opacity=&#8220;1&#8243; background_hover_color_opacity=&#8220;1&#8243;...","og_url":"https:\/\/www.aitec-gruppe.de\/index.php\/2025\/04\/07\/stellenanzeige-ausbildung-als-mechatroniker-in-m-w-d\/","og_site_name":"AITEC Gruppe","article_publisher":"https:\/\/www.facebook.com\/Galek.Kowald","article_published_time":"2025-04-07T11:21:15+00:00","og_image":[{"width":1920,"height":1280,"url":"https:\/\/www.aitec-gruppe.de\/wp-content\/uploads\/2024\/10\/GK-021.jpg","type":"image\/jpeg"}],"author":"Antje Erbst\u00f6\u00dfer","twitter_card":"summary_large_image","twitter_misc":{"Verfasst von":"Antje Erbst\u00f6\u00dfer","Gesch\u00e4tzte Lesezeit":"7\u00a0Minuten"},"schema":{"@context":"https:\/\/schema.org","@graph":[{"@type":"Article","@id":"https:\/\/www.aitec-gruppe.de\/index.php\/2025\/04\/07\/stellenanzeige-ausbildung-als-mechatroniker-in-m-w-d\/#article","isPartOf":{"@id":"https:\/\/www.aitec-gruppe.de\/index.php\/2025\/04\/07\/stellenanzeige-ausbildung-als-mechatroniker-in-m-w-d\/"},"author":{"name":"Antje Erbst\u00f6\u00dfer","@id":"https:\/\/www.aitec-gruppe.de\/#\/schema\/person\/e0ca7f2af7ffd7b0ff76ec7c72633968"},"headline":"Stellenanzeige Ausbildung als Mechatroniker\/in (m\/w\/d)","datePublished":"2025-04-07T11:21:15+00:00","mainEntityOfPage":{"@id":"https:\/\/www.aitec-gruppe.de\/index.php\/2025\/04\/07\/stellenanzeige-ausbildung-als-mechatroniker-in-m-w-d\/"},"wordCount":1499,"publisher":{"@id":"https:\/\/www.aitec-gruppe.de\/#organization"},"image":{"@id":"https:\/\/www.aitec-gruppe.de\/index.php\/2025\/04\/07\/stellenanzeige-ausbildung-als-mechatroniker-in-m-w-d\/#primaryimage"},"thumbnailUrl":"https:\/\/www.aitec-gruppe.de\/wp-content\/uploads\/2024\/10\/GK-021.jpg","articleSection":["Stellenanzeigen"],"inLanguage":"de"},{"@type":"WebPage","@id":"https:\/\/www.aitec-gruppe.de\/index.php\/2025\/04\/07\/stellenanzeige-ausbildung-als-mechatroniker-in-m-w-d\/","url":"https:\/\/www.aitec-gruppe.de\/index.php\/2025\/04\/07\/stellenanzeige-ausbildung-als-mechatroniker-in-m-w-d\/","name":"Stellenanzeige Ausbildung als Mechatroniker\/in (m\/w\/d) - AITEC Gruppe","isPartOf":{"@id":"https:\/\/www.aitec-gruppe.de\/#website"},"primaryImageOfPage":{"@id":"https:\/\/www.aitec-gruppe.de\/index.php\/2025\/04\/07\/stellenanzeige-ausbildung-als-mechatroniker-in-m-w-d\/#primaryimage"},"image":{"@id":"https:\/\/www.aitec-gruppe.de\/index.php\/2025\/04\/07\/stellenanzeige-ausbildung-als-mechatroniker-in-m-w-d\/#primaryimage"},"thumbnailUrl":"https:\/\/www.aitec-gruppe.de\/wp-content\/uploads\/2024\/10\/GK-021.jpg","datePublished":"2025-04-07T11:21:15+00:00","breadcrumb":{"@id":"https:\/\/www.aitec-gruppe.de\/index.php\/2025\/04\/07\/stellenanzeige-ausbildung-als-mechatroniker-in-m-w-d\/#breadcrumb"},"inLanguage":"de","potentialAction":[{"@type":"ReadAction","target":["https:\/\/www.aitec-gruppe.de\/index.php\/2025\/04\/07\/stellenanzeige-ausbildung-als-mechatroniker-in-m-w-d\/"]}]},{"@type":"ImageObject","inLanguage":"de","@id":"https:\/\/www.aitec-gruppe.de\/index.php\/2025\/04\/07\/stellenanzeige-ausbildung-als-mechatroniker-in-m-w-d\/#primaryimage","url":"https:\/\/www.aitec-gruppe.de\/wp-content\/uploads\/2024\/10\/GK-021.jpg","contentUrl":"https:\/\/www.aitec-gruppe.de\/wp-content\/uploads\/2024\/10\/GK-021.jpg","width":1920,"height":1280,"caption":"Ausbildung als Anlagenmechaniker\/in (m\/w\/d)"},{"@type":"BreadcrumbList","@id":"https:\/\/www.aitec-gruppe.de\/index.php\/2025\/04\/07\/stellenanzeige-ausbildung-als-mechatroniker-in-m-w-d\/#breadcrumb","itemListElement":[{"@type":"ListItem","position":1,"name":"Startseite","item":"https:\/\/www.aitec-gruppe.de\/"},{"@type":"ListItem","position":2,"name":"Stellenanzeige Ausbildung als Mechatroniker\/in (m\/w\/d)"}]},{"@type":"WebSite","@id":"https:\/\/www.aitec-gruppe.de\/#website","url":"https:\/\/www.aitec-gruppe.de\/","name":"AITEC Gruppe","description":"","publisher":{"@id":"https:\/\/www.aitec-gruppe.de\/#organization"},"potentialAction":[{"@type":"SearchAction","target":{"@type":"EntryPoint","urlTemplate":"https:\/\/www.aitec-gruppe.de\/?s={search_term_string}"},"query-input":{"@type":"PropertyValueSpecification","valueRequired":true,"valueName":"search_term_string"}}],"inLanguage":"de"},{"@type":"Organization","@id":"https:\/\/www.aitec-gruppe.de\/#organization","name":"AITEC Gruppe","url":"https:\/\/www.aitec-gruppe.de\/","logo":{"@type":"ImageObject","inLanguage":"de","@id":"https:\/\/www.aitec-gruppe.de\/#\/schema\/logo\/image\/","url":"https:\/\/www.aitec-gruppe.de\/wp-content\/uploads\/2024\/10\/Kugel_GK_RGB.svg","contentUrl":"https:\/\/www.aitec-gruppe.de\/wp-content\/uploads\/2024\/10\/Kugel_GK_RGB.svg","width":180,"height":180,"caption":"AITEC Gruppe"},"image":{"@id":"https:\/\/www.aitec-gruppe.de\/#\/schema\/logo\/image\/"},"sameAs":["https:\/\/www.facebook.com\/Galek.Kowald","https:\/\/www.instagram.com\/galekundkowald\/","https:\/\/www.linkedin.com\/company\/galek-kowald\/"]},{"@type":"Person","@id":"https:\/\/www.aitec-gruppe.de\/#\/schema\/person\/e0ca7f2af7ffd7b0ff76ec7c72633968","name":"Antje Erbst\u00f6\u00dfer","url":"https:\/\/www.aitec-gruppe.de\/index.php\/author\/antje\/"}]}},"_links":{"self":[{"href":"https:\/\/www.aitec-gruppe.de\/index.php\/wp-json\/wp\/v2\/posts\/1765","targetHints":{"allow":["GET"]}}],"collection":[{"href":"https:\/\/www.aitec-gruppe.de\/index.php\/wp-json\/wp\/v2\/posts"}],"about":[{"href":"https:\/\/www.aitec-gruppe.de\/index.php\/wp-json\/wp\/v2\/types\/post"}],"author":[{"embeddable":true,"href":"https:\/\/www.aitec-gruppe.de\/index.php\/wp-json\/wp\/v2\/users\/5"}],"replies":[{"embeddable":true,"href":"https:\/\/www.aitec-gruppe.de\/index.php\/wp-json\/wp\/v2\/comments?post=1765"}],"version-history":[{"count":12,"href":"https:\/\/www.aitec-gruppe.de\/index.php\/wp-json\/wp\/v2\/posts\/1765\/revisions"}],"predecessor-version":[{"id":1807,"href":"https:\/\/www.aitec-gruppe.de\/index.php\/wp-json\/wp\/v2\/posts\/1765\/revisions\/1807"}],"wp:featuredmedia":[{"embeddable":true,"href":"https:\/\/www.aitec-gruppe.de\/index.php\/wp-json\/wp\/v2\/media\/53"}],"wp:attachment":[{"href":"https:\/\/www.aitec-gruppe.de\/index.php\/wp-json\/wp\/v2\/media?parent=1765"}],"wp:term":[{"taxonomy":"category","embeddable":true,"href":"https:\/\/www.aitec-gruppe.de\/index.php\/wp-json\/wp\/v2\/categories?post=1765"},{"taxonomy":"post_tag","embeddable":true,"href":"https:\/\/www.aitec-gruppe.de\/index.php\/wp-json\/wp\/v2\/tags?post=1765"}],"curies":[{"name":"wp","href":"https:\/\/api.w.org\/{rel}","templated":true}]}}